[{"@context":"https:\/\/schema.org\/","@type":"Article","@id":"https:\/\/www.mww.cz\/pracovni-stul\/#Article","mainEntityOfPage":"https:\/\/www.mww.cz\/pracovni-stul\/","headline":"Pracovn\u00ed st\u016fl","name":"Pracovn\u00ed st\u016fl","description":"Je jen na v\u00e1s, jak si zorganizujete v\u00e1\u0161 vlastn\u00ed prostor, va\u0161\u00ed d\u00edlnu \u010di gar\u00e1\u017e, ale pamatujte na to, \u017ee praktick\u00e9 a p\u0159ehledn\u00e9 ulo\u017een\u00ed va\u0161ich pracovn\u00edch pom\u016fcek a materi\u00e1lu, v\u00e1m u\u0161et\u0159\u00ed spoustu va\u0161eho cenn\u00e9ho \u010dasu. Nab\u00edz\u00edme v\u00e1m senza\u010dn\u00ed \u0159e\u0161en\u00ed, a to pracovn\u00ed st\u016fl. V na\u0161\u00ed nab\u00eddce naleznete pracovn\u00ed st\u016fl, kter\u00fd je v jednoduch\u00e9m proveden\u00ed s jednou [&hellip;]","datePublished":"2025-01-12","dateModified":"2025-01-12","author":{"@type":"Person","@id":"https:\/\/www.mww.cz\/author\/#Person","name":"","url":"https:\/\/www.mww.cz\/author\/","identifier":1,"image":{"@type":"ImageObject","@id":"https:\/\/secure.gravatar.com\/avatar\/4c8347e48acde4b8838164e4b1c9b1c2409c44aff1922a8b9d7dd631b9ae52bb?s=96&d=mm&r=g","url":"https:\/\/secure.gravatar.com\/avatar\/4c8347e48acde4b8838164e4b1c9b1c2409c44aff1922a8b9d7dd631b9ae52bb?s=96&d=mm&r=g","height":96,"width":96}},"publisher":{"@type":"Organization","name":"mww.cz","logo":{"@type":"ImageObject","@id":"\/logo.png","url":"\/logo.png","width":600,"height":60}},"url":"https:\/\/www.mww.cz\/pracovni-stul\/","wordCount":188,"articleBody":"Je jen na v\u00e1s, jak si zorganizujete v\u00e1\u0161 vlastn\u00ed prostor, va\u0161\u00ed d\u00edlnu \u010di gar\u00e1\u017e, ale pamatujte na to, \u017ee praktick\u00e9 a p\u0159ehledn\u00e9 ulo\u017een\u00ed va\u0161ich pracovn\u00edch pom\u016fcek a materi\u00e1lu, v\u00e1m u\u0161et\u0159\u00ed spoustu va\u0161eho cenn\u00e9ho \u010dasu. Nab\u00edz\u00edme v\u00e1m senza\u010dn\u00ed \u0159e\u0161en\u00ed, a to pracovn\u00ed st\u016fl.V na\u0161\u00ed nab\u00eddce naleznete pracovn\u00ed st\u016fl, kter\u00fd je v jednoduch\u00e9m proveden\u00ed s jednou sk\u0159\u00ednkou a polic\u00ed nebo z\u00e1suvkou, nebo \u0161irok\u00e9 stoly, kter\u00e9 obsahuj\u00ed n\u011bkolik z\u00e1suvek a mnoho praktick\u00e9ho a prostorn\u00e9ho \u00falo\u017en\u00e9ho prostoru. Stoly jsou vyr\u00e1b\u011bny z kvalitn\u00edho materi\u00e1lu, maj\u00ed velmi vysokou nosnost a odolnost. Je jen na v\u00e1s, co z na\u0161\u00ed nab\u00eddky je pro v\u00e1s to nejvhodn\u011bj\u0161\u00ed.Expedice zbo\u017e\u00ed ne\u017e \u0159eknete famfrp\u00e1lSta\u010d\u00ed vlo\u017eit nap\u0159\u00edklad pracovn\u00ed st\u016fl do ko\u0161\u00edku, objednat a zaru\u010dujeme v\u00e1m, \u017ee va\u0161e objedn\u00e1vka v\u00e1m v co nejkrat\u0161\u00ed dob\u011b bude doru\u010dena. Ne\u010dekejte dny, kdy\u017e my v\u00e1m zbo\u017e\u00ed doru\u010d\u00edme t\u00e9m\u011b\u0159 ihned.                                                                                                                                                                                                                                                                                                                                                                                        5\/5 - (2 votes)        "},{"@context":"https:\/\/schema.org\/","@type":"BreadcrumbList","itemListElement":[{"@type":"ListItem","position":1,"name":"Pracovn\u00ed st\u016fl","item":"https:\/\/www.mww.cz\/pracovni-stul\/#breadcrumbitem"}]}]