[{"@context":"https:\/\/schema.org\/","@type":"Article","@id":"https:\/\/www.mww.cz\/nevite-jaky-darek-vybrat\/#Article","mainEntityOfPage":"https:\/\/www.mww.cz\/nevite-jaky-darek-vybrat\/","headline":"Nev\u00edte jak\u00fd d\u00e1rek vybrat?","name":"Nev\u00edte jak\u00fd d\u00e1rek vybrat?","description":"Tak\u00e9 V\u00e1s u\u017e nebav\u00ed nakupovat d\u00e1rky, a\u0165 u\u017e pro sv\u00e9 p\u0159\u00edtelkyn\u011b, maminky, sest\u0159i\u010dky, sest\u0159enice nebo t\u0159eba kamar\u00e1dky? L\u00e1mete si hlavu s t\u00edm, co kupovat k sv\u00e1tk\u016fm, narozenin\u00e1m a v\u00fdro\u010d\u00edm? Co mysl\u00edte, \u017ee by \u0159\u00edkali na l\u00e1tkov\u00e9 ta\u0161ky? Jsou skv\u011bl\u00fdm a praktick\u00fdm dopl\u0148kem, kter\u00fd ur\u010dit\u011b neodm\u00edtnou. Jejich barvu a tvar zvolte podle toho, co maj\u00ed r\u00e1dy. [&hellip;]","datePublished":"2025-09-03","dateModified":"2025-09-03","author":{"@type":"Person","@id":"https:\/\/www.mww.cz\/author\/#Person","name":"","url":"https:\/\/www.mww.cz\/author\/","identifier":1,"image":{"@type":"ImageObject","@id":"https:\/\/secure.gravatar.com\/avatar\/4c8347e48acde4b8838164e4b1c9b1c2409c44aff1922a8b9d7dd631b9ae52bb?s=96&d=mm&r=g","url":"https:\/\/secure.gravatar.com\/avatar\/4c8347e48acde4b8838164e4b1c9b1c2409c44aff1922a8b9d7dd631b9ae52bb?s=96&d=mm&r=g","height":96,"width":96}},"publisher":{"@type":"Organization","name":"mww.cz","logo":{"@type":"ImageObject","@id":"\/logo.png","url":"\/logo.png","width":600,"height":60}},"url":"https:\/\/www.mww.cz\/nevite-jaky-darek-vybrat\/","wordCount":201,"articleBody":" Tak\u00e9 V\u00e1s u\u017e nebav\u00ed nakupovat d\u00e1rky, a\u0165 u\u017e pro sv\u00e9 p\u0159\u00edtelkyn\u011b, maminky, sest\u0159i\u010dky, sest\u0159enice nebo t\u0159eba kamar\u00e1dky? L\u00e1mete si hlavu s t\u00edm, co kupovat k sv\u00e1tk\u016fm, narozenin\u00e1m a v\u00fdro\u010d\u00edm? Co mysl\u00edte, \u017ee by \u0159\u00edkali na l\u00e1tkov\u00e9 ta\u0161ky? Jsou skv\u011bl\u00fdm a praktick\u00fdm dopl\u0148kem, kter\u00fd ur\u010dit\u011b neodm\u00edtnou. Jejich barvu a tvar zvolte podle toho, co maj\u00ed r\u00e1dy. Uvid\u00edte, jak velkou radost jim tento d\u00e1rek p\u0159inese. Ta\u0161ky dle Va\u0161eho n\u00e1vrhu M\u00e1te mo\u017enost nechat si je u\u0161\u00edt na m\u00edru. Zvolte si, jestli budou s kr\u00e1tk\u00fdmi \u010di dlouh\u00fdmi uchy, zda ji chce m\u00edt r\u016f\u017eovou, modrou, zelenou \u010di barevnou. M\u016f\u017eete p\u0159idat i potisk jako t\u0159eba kv\u011btiny, punt\u00edky nebo to, co m\u00e1te r\u00e1di a co je V\u00e1m bl\u00edzk\u00e9. Jsou lehce vyprateln\u00e9, skladn\u00e9 a p\u0159\u00edjemn\u00e9 na no\u0161en\u00ed. Jsou vhodn\u00e9 na n\u00e1kup, ale i na promen\u00e1dov\u00e1n\u00ed na n\u011bjak\u00e9 pl\u00e1\u017ei u mo\u0159e. Prost\u011b pro ka\u017edou osobu a ke ka\u017ed\u00e9 p\u0159\u00edle\u017eitosti.                                                                                                                                                                                                                                                                                                                                                                                                "},{"@context":"https:\/\/schema.org\/","@type":"BreadcrumbList","itemListElement":[{"@type":"ListItem","position":1,"name":"Nev\u00edte jak\u00fd d\u00e1rek vybrat?","item":"https:\/\/www.mww.cz\/nevite-jaky-darek-vybrat\/#breadcrumbitem"}]}]