[{"@context":"https:\/\/schema.org\/","@type":"Article","@id":"https:\/\/www.mww.cz\/led-zarivky-aneb-adekvatni-vyber-pro-osvetleni\/#Article","mainEntityOfPage":"https:\/\/www.mww.cz\/led-zarivky-aneb-adekvatni-vyber-pro-osvetleni\/","headline":"LED z\u00e1\u0159ivky aneb adekv\u00e1tn\u00ed v\u00fdb\u011br pro osv\u011btlen\u00ed","name":"LED z\u00e1\u0159ivky aneb adekv\u00e1tn\u00ed v\u00fdb\u011br pro osv\u011btlen\u00ed","description":"P\u0159ednost\u00ed zajist\u00e9 je, \u017ee dok\u00e1\u017e\u00ed zvl\u00e1dnout i nep\u0159etr\u017eit\u00fd provoz. Stejn\u011b tak mohou sn\u00ed\u017eit spot\u0159ebu oproti b\u011b\u017en\u00fdm z\u00e1\u0159ivk\u00e1m a\u017e o n\u011bkolik des\u00edtek procent. S danou \u00fasporou souvis\u00ed rovn\u011b\u017e \u017eivotnost. P\u0159\u00ednosn\u00e9 jsou i z pohledu sv\u011btla. Poskytuj\u00ed \u010dist\u00e9 a jasn\u00e9 b\u00edl\u00e9 sv\u011btlo, jen\u017e nezat\u011b\u017euje o\u010di a sou\u010dasn\u011b ani negativn\u011b neosl\u0148uje lidsk\u00fd zrak. Aktu\u00e1ln\u011b lze zaznamenat intenzivn\u00ed n\u00e1r\u016fst [&hellip;]","datePublished":"2018-02-01","dateModified":"2023-09-04","author":{"@type":"Person","@id":"https:\/\/www.mww.cz\/author\/#Person","name":"","url":"https:\/\/www.mww.cz\/author\/","identifier":1,"image":{"@type":"ImageObject","@id":"https:\/\/secure.gravatar.com\/avatar\/4c8347e48acde4b8838164e4b1c9b1c2409c44aff1922a8b9d7dd631b9ae52bb?s=96&d=mm&r=g","url":"https:\/\/secure.gravatar.com\/avatar\/4c8347e48acde4b8838164e4b1c9b1c2409c44aff1922a8b9d7dd631b9ae52bb?s=96&d=mm&r=g","height":96,"width":96}},"publisher":{"@type":"Organization","name":"mww.cz","logo":{"@type":"ImageObject","@id":"\/logo.png","url":"\/logo.png","width":600,"height":60}},"image":{"@type":"ImageObject","@id":"https:\/\/www.mww.cz\/wp-content\/uploads\/img_a314475_w2409_t1525339055.jpg","url":"https:\/\/www.mww.cz\/wp-content\/uploads\/img_a314475_w2409_t1525339055.jpg","height":0,"width":0},"url":"https:\/\/www.mww.cz\/led-zarivky-aneb-adekvatni-vyber-pro-osvetleni\/","about":["Technika"],"wordCount":383,"articleBody":" P\u0159ednost\u00ed zajist\u00e9 je, \u017ee dok\u00e1\u017e\u00ed zvl\u00e1dnout i nep\u0159etr\u017eit\u00fd provoz. Stejn\u011b tak mohou sn\u00ed\u017eit spot\u0159ebu oproti b\u011b\u017en\u00fdm z\u00e1\u0159ivk\u00e1m a\u017e o n\u011bkolik des\u00edtek procent. S danou \u00fasporou souvis\u00ed rovn\u011b\u017e \u017eivotnost. P\u0159\u00ednosn\u00e9 jsou i z pohledu sv\u011btla. Poskytuj\u00ed \u010dist\u00e9 a jasn\u00e9 b\u00edl\u00e9 sv\u011btlo, jen\u017e nezat\u011b\u017euje o\u010di a sou\u010dasn\u011b ani negativn\u011b neosl\u0148uje lidsk\u00fd zrak.  Aktu\u00e1ln\u011b lze zaznamenat intenzivn\u00ed n\u00e1r\u016fst uplatn\u011bn\u00ed LED technologie prakticky ve v\u0161ech oblastech. Sv\u011bteln\u00e9 LED zdroje jsou pou\u017e\u00edv\u00e1ny jak pro osv\u011btlen\u00ed kancel\u00e1\u0159\u00ed, hal, obchod\u016f, rovn\u011b\u017e tak v r\u00e1mci ve\u0159ejn\u00e9ho osv\u011btlen\u00ed, v automobilu a v dom\u00e1cnostech. Jak vybrat spr\u00e1vn\u011b? Z\u00e1kladn\u00edm parametrem pro v\u00fdb\u011br je v\u00fdkon, aby tak do\u0161lo ke zvolen\u00ed adekv\u00e1tn\u00ed intenzity osv\u011btlen\u00ed. Rovn\u011b\u017e sv\u016fj v\u00fdznam m\u00e1 i barevn\u00e1 teplota. Zakoupit lze i LED z\u00e1\u0159ivky stm\u00edvateln\u00e9, kdy je tak potenci\u00e1ln\u00ed regulace dan\u00e9 intenzity osv\u011btlen\u00ed. Oceniteln\u00e9 nejen v\u0161ude tam, kde by p\u0159\u00edli\u0161n\u00e1 \u00fa\u010dinnost sv\u011btla mohla vadit. Pro pr\u016fchoz\u00ed prostory je naopak ide\u00e1ln\u00ed volit typy maj\u00edc\u00ed PIR \u010didlo, nebo\u0165 se automaticky rozsv\u00edt\u00ed a zhasnou p\u0159i zachycen\u00ed pohybu. Modern\u00ed doba \u017e\u00e1d\u00e1 \u00fasporn\u00e9 osv\u011btlen\u00ed. Jak\u00e9 jsou v\u00fdhody? Prioritn\u00ed je \u017eivotnost a zna\u010dn\u00e1 \u00faspora energie. Z\u00e1rove\u0148 je zcela eliminace v podob\u011b blik\u00e1n\u00ed, \u0161umu v r\u00e1mci bzu\u010den\u00ed \u010di tmavnut\u00ed okraj\u016f, co\u017e je velmi \u010dasto typick\u00fdm jevem u klasick\u00fdch z\u00e1\u0159ivek. LED sv\u011btla jsou ekologick\u00e1 nejen p\u0159i v\u00fdrobn\u00edm procesu, ale i p\u0159i recyklaci. Pozitivn\u00ed je \u0161etrnost v\u016f\u010di p\u0159\u00edrod\u011b a prost\u0159ed\u00ed. Nedoch\u00e1z\u00ed k UV z\u00e1\u0159en\u00ed. Neobsahuj\u00ed ani rtu\u0165 jako klasick\u00e9 sv\u011bteln\u00e9 zdroje.  Vyb\u00edrat led z\u00e1\u0159ivky lze z bohat\u00e9ho sortimentu. D\u00edky kladn\u00fdm vlastnostem, jako je minim\u00e1ln\u00ed, l\u00e9pe \u0159e\u010deno prakticky nulov\u00e1 \u00fadr\u017eba, zna\u010dn\u00e1 odolnost v\u016f\u010di n\u00e1razu i ot\u0159esu, stejn\u011b tak rezistence v\u016f\u010di chladu. To v\u0161e \u010din\u00ed z LED osv\u011btlen\u00ed bezkonkuren\u010dn\u011b nejlep\u0161\u00ed sv\u011bteln\u00fd zdroj. P\u0159i pou\u017eit\u00ed nedoch\u00e1z\u00ed k \u017e\u00e1dn\u00e9mu n\u00e1padn\u00e9mu omezen\u00ed pro provoz, nebo\u0165 na v\u00fdrobu nen\u00ed pou\u017e\u00edv\u00e1no sklo.                                                                                                                                                                                                                                                                                                                                                                                          2.7\/5 - (3 votes)        "},{"@context":"https:\/\/schema.org\/","@type":"BreadcrumbList","itemListElement":[{"@type":"ListItem","position":1,"name":"LED z\u00e1\u0159ivky aneb adekv\u00e1tn\u00ed v\u00fdb\u011br pro osv\u011btlen\u00ed","item":"https:\/\/www.mww.cz\/led-zarivky-aneb-adekvatni-vyber-pro-osvetleni\/#breadcrumbitem"}]}]