[{"@context":"https:\/\/schema.org\/","@type":"Article","@id":"https:\/\/www.mww.cz\/konec-nekvalitniho-spanku-zacina-nakupem-u-nas\/#Article","mainEntityOfPage":"https:\/\/www.mww.cz\/konec-nekvalitniho-spanku-zacina-nakupem-u-nas\/","headline":"Konec nekvalitn\u00edho sp\u00e1nku za\u010d\u00edn\u00e1 n\u00e1kupem u n\u00e1s","name":"Konec nekvalitn\u00edho sp\u00e1nku za\u010d\u00edn\u00e1 n\u00e1kupem u n\u00e1s","description":"Postele 180&#215;200 cm V\u00e1m p\u0159ijdou pr\u00e1v\u011b te\u010f jist\u011b vhod. Nez\u00e1le\u017e\u00ed p\u0159itom na tom, zda za\u0159izujete nov\u00e9 hn\u00edzdo nebo jste se rozhodli revitalizovat st\u00e1vaj\u00edc\u00ed za\u0159\u00edzen\u00fd interi\u00e9r. Vybaven\u00ed pro sp\u00e1nek pat\u0159\u00ed k nejd\u016fle\u017eit\u011bj\u0161\u00edm sou\u010d\u00e1stem domova, ale tak\u00e9 ubytovac\u00edch za\u0159\u00edzen\u00ed nejr\u016fzn\u011bj\u0161\u00edho druhu. Postele 180&#215;200 cm i dal\u0161\u00ed sortiment, kter\u00fd je sou\u010d\u00e1st\u00ed inspiruj\u00edc\u00ed nab\u00eddky specializovan\u00e9ho internetov\u00e9ho prodejce, m\u016f\u017eete zakoupit [&hellip;]","datePublished":"2024-03-30","dateModified":"2024-03-30","author":{"@type":"Person","@id":"https:\/\/www.mww.cz\/author\/#Person","name":"","url":"https:\/\/www.mww.cz\/author\/","identifier":1,"image":{"@type":"ImageObject","@id":"https:\/\/secure.gravatar.com\/avatar\/4c8347e48acde4b8838164e4b1c9b1c2409c44aff1922a8b9d7dd631b9ae52bb?s=96&d=mm&r=g","url":"https:\/\/secure.gravatar.com\/avatar\/4c8347e48acde4b8838164e4b1c9b1c2409c44aff1922a8b9d7dd631b9ae52bb?s=96&d=mm&r=g","height":96,"width":96}},"publisher":{"@type":"Organization","name":"mww.cz","logo":{"@type":"ImageObject","@id":"\/logo.png","url":"\/logo.png","width":600,"height":60}},"url":"https:\/\/www.mww.cz\/konec-nekvalitniho-spanku-zacina-nakupem-u-nas\/","wordCount":216,"articleBody":"Postele 180&#215;200 cm V\u00e1m p\u0159ijdou pr\u00e1v\u011b te\u010f jist\u011b vhod. Nez\u00e1le\u017e\u00ed p\u0159itom na tom, zda za\u0159izujete nov\u00e9 hn\u00edzdo nebo jste se rozhodli revitalizovat st\u00e1vaj\u00edc\u00ed za\u0159\u00edzen\u00fd interi\u00e9r. Vybaven\u00ed pro sp\u00e1nek pat\u0159\u00ed k nejd\u016fle\u017eit\u011bj\u0161\u00edm sou\u010d\u00e1stem domova, ale tak\u00e9 ubytovac\u00edch za\u0159\u00edzen\u00ed nejr\u016fzn\u011bj\u0161\u00edho druhu. Postele 180&#215;200 cm i dal\u0161\u00ed sortiment, kter\u00fd je sou\u010d\u00e1st\u00ed inspiruj\u00edc\u00ed nab\u00eddky specializovan\u00e9ho internetov\u00e9ho prodejce, m\u016f\u017eete zakoupit pro svou soukromou pot\u0159ebu vhodn\u00e9ho odpo\u010dinku, ale tak\u00e9 pro \u00fa\u010dely vlastn\u00edho podnik\u00e1n\u00ed za p\u0159\u00edjemn\u00fdch finan\u010dn\u00edch podm\u00ednek.\tNa\u0161e nab\u00eddka kvalitn\u00edho n\u00e1bytku V\u00e1m uleh\u010d\u00ed budoucnostA\u017e si p\u0159i ul\u00e9h\u00e1n\u00ed a vst\u00e1v\u00e1n\u00ed z nov\u00e9 postele budete p\u0159ipadat jako v poh\u00e1dce, vzpome\u0148te si na inspiruj\u00edc\u00ed internetov\u00fd obchod, kter\u00fd je toho p\u0159\u00ed\u010dinou. Postele 180&#215;200 cm, kter\u00e9 si zakoup\u00edte z l\u00e1kav\u00e9ho produktov\u00e9ho katalogu, se postaraj\u00ed o dostatek prostoru, o v\u00fdsledn\u011b p\u0159\u00edjemn\u00fd vzhledov\u00fd efekt interi\u00e9ru i o stoprocentn\u00ed spokojenost s p\u0159\u00edslu\u0161n\u00fdmi dopl\u0148ky, k nim\u017e pat\u0159\u00ed kvalitn\u00ed d\u0159ev\u011bn\u00fd ro\u0161t i matrace, spl\u0148uj\u00edc\u00ed ve\u0161ker\u00e9 parametry zdrav\u00ed prosp\u011b\u0161n\u00fdch po\u017eadavk\u016f.                                                                                                                                                                                                                                                                                                                                                                                        5\/5 - (3 votes)        "},{"@context":"https:\/\/schema.org\/","@type":"BreadcrumbList","itemListElement":[{"@type":"ListItem","position":1,"name":"Konec nekvalitn\u00edho sp\u00e1nku za\u010d\u00edn\u00e1 n\u00e1kupem u n\u00e1s","item":"https:\/\/www.mww.cz\/konec-nekvalitniho-spanku-zacina-nakupem-u-nas\/#breadcrumbitem"}]}]